{"id":173,"date":"2014-02-01T14:40:51","date_gmt":"2014-02-01T13:40:51","guid":{"rendered":"http:\/\/www.wagneracciai.it\/?p=173"},"modified":"2014-03-04T12:28:38","modified_gmt":"2014-03-04T11:28:38","slug":"alberto-marzetta-web-consultant","status":"publish","type":"post","link":"https:\/\/www.wagneracciai.it\/index.php\/archives\/alberto-marzetta-web-consultant","title":{"rendered":"Alberto Marzetta &#8211; Comunicazione e relazioni pubbliche"},"content":{"rendered":"<p><a href=\"http:\/\/www.wagneracciai.it\/wp-content\/uploads\/2014\/02\/alberto.jpg\"><img decoding=\"async\" loading=\"lazy\" class=\"alignleft  wp-image-275\" alt=\"alberto\" src=\"http:\/\/www.wagneracciai.it\/wp-content\/uploads\/2014\/02\/alberto.jpg\" width=\"240\" height=\"240\" srcset=\"https:\/\/www.wagneracciai.it\/wp-content\/uploads\/2014\/02\/alberto.jpg 300w, https:\/\/www.wagneracciai.it\/wp-content\/uploads\/2014\/02\/alberto-150x150.jpg 150w\" sizes=\"(max-width: 240px) 100vw, 240px\" \/><\/a>Wagner Acciai, per quanto collabori con l&#8217;azienda da pochi mesi, \u00e8 un nome che ricorre da molto tempo nella mia vita. Sar\u00e0 che degli amici ci son passati, sar\u00e0 che qui ho ritrovato, in <a href=\"http:\/\/www.wagneracciai.it\/?p=9\">Marco Barbieri<\/a>, un amico dell&#8217;universit\u00e0. La sensazione che ho avuto entrandoci nel ruolo di consulente esterno in comunciazione, \u00e8 quella dell&#8217;azienda radicata e stabile. Si lavora alacremente in azienda, i telefoni squillano costantemente, la preparazione del personale mi sembra molto elevata. Occupandomi di comunicazione ho fatto una full immersion con un paio di professionisti e ho potuto notare la conoscenza e la passione attraverso la quale mi hanno parlato dell&#8217;acciaio, dei nastri, del loro utilizzo, del carbonio, del processo di laminazione o dell&#8217;incrudimento. Davvero non immaginavo quanto potesse essere interessante questo mondo!<\/p>\n<p>Qui \u00a0mi occuper\u00f2 del sito, nella sua versione attuale, progettata con Marco Barbieri, dei contenuti, della newsletter (una novit\u00e0 bellissima, vedrete!) e dei rapporti con la stampa di settore. Un&#8217;attivit\u00e0 davvero innovativa per questa azienda e per questo settore tutto. E&#8217; proprio vero che a 70 anni non si \u00e8 proprio vecchi. Nemmeno le aziende cos\u00ec strutturate e ricche di tradizione.<\/p>\n<p><a href=\"it.linkedin.com\/in\/albertomarzetta\/\" target=\"_blank\">Il mio cv<br \/>\n<\/a><a href=\"http:\/\/www.parolecristalline.com\" target=\"_blank\">Il mio sito<\/a><\/p>\n","protected":false},"excerpt":{"rendered":"<p>Wagner Acciai, per quanto collabori con l&#8217;azienda da pochi mesi, \u00e8 un nome che ricorre da molto tempo nella mia vita. Sar\u00e0 che degli amici ci son passati, sar\u00e0 che qui ho ritrovato, in Marco Barbieri, un amico dell&#8217;universit\u00e0. La sensazione che ho avuto entrandoci nel ruolo di consulente esterno \u2026<\/p>\n<p> <a class=\"continue-reading-link\" href=\"https:\/\/www.wagneracciai.it\/index.php\/archives\/alberto-marzetta-web-consultant\">Continua la lettura<i class=\"icon-right-dir\"><\/i><\/a><\/p>\n","protected":false},"author":1,"featured_media":275,"comment_status":"closed","ping_status":"closed","sticky":false,"template":"","format":"standard","meta":[],"categories":[7],"tags":[],"_links":{"self":[{"href":"https:\/\/www.wagneracciai.it\/index.php\/wp-json\/wp\/v2\/posts\/173"}],"collection":[{"href":"https:\/\/www.wagneracciai.it\/index.php\/wp-json\/wp\/v2\/posts"}],"about":[{"href":"https:\/\/www.wagneracciai.it\/index.php\/wp-json\/wp\/v2\/types\/post"}],"author":[{"embeddable":true,"href":"https:\/\/www.wagneracciai.it\/index.php\/wp-json\/wp\/v2\/users\/1"}],"replies":[{"embeddable":true,"href":"https:\/\/www.wagneracciai.it\/index.php\/wp-json\/wp\/v2\/comments?post=173"}],"version-history":[{"count":5,"href":"https:\/\/www.wagneracciai.it\/index.php\/wp-json\/wp\/v2\/posts\/173\/revisions"}],"predecessor-version":[{"id":279,"href":"https:\/\/www.wagneracciai.it\/index.php\/wp-json\/wp\/v2\/posts\/173\/revisions\/279"}],"wp:featuredmedia":[{"embeddable":true,"href":"https:\/\/www.wagneracciai.it\/index.php\/wp-json\/wp\/v2\/media\/275"}],"wp:attachment":[{"href":"https:\/\/www.wagneracciai.it\/index.php\/wp-json\/wp\/v2\/media?parent=173"}],"wp:term":[{"taxonomy":"category","embeddable":true,"href":"https:\/\/www.wagneracciai.it\/index.php\/wp-json\/wp\/v2\/categories?post=173"},{"taxonomy":"post_tag","embeddable":true,"href":"https:\/\/www.wagneracciai.it\/index.php\/wp-json\/wp\/v2\/tags?post=173"}],"curies":[{"name":"wp","href":"https:\/\/api.w.org\/{rel}","templated":true}]}}