{"id":367,"date":"2014-03-06T12:56:08","date_gmt":"2014-03-06T11:56:08","guid":{"rendered":"http:\/\/www.wagneracciai.it\/?p=367"},"modified":"2014-03-06T13:28:58","modified_gmt":"2014-03-06T12:28:58","slug":"maurizio-munda-capo-reparto","status":"publish","type":"post","link":"https:\/\/www.wagneracciai.it\/index.php\/archives\/maurizio-munda-capo-reparto","title":{"rendered":"Maurizio Munda &#8211; Capo Reparto"},"content":{"rendered":"<p style=\"text-align: center;\"><strong><a href=\"http:\/\/www.wagneracciai.it\/wp-content\/uploads\/2014\/03\/Maurizio-Munda.jpg\"><img decoding=\"async\" loading=\"lazy\" class=\" wp-image-373 aligncenter\" alt=\"Maurizio Munda\" src=\"http:\/\/www.wagneracciai.it\/wp-content\/uploads\/2014\/03\/Maurizio-Munda.jpg\" width=\"712\" height=\"534\" srcset=\"https:\/\/www.wagneracciai.it\/wp-content\/uploads\/2014\/03\/Maurizio-Munda.jpg 712w, https:\/\/www.wagneracciai.it\/wp-content\/uploads\/2014\/03\/Maurizio-Munda-300x225.jpg 300w, https:\/\/www.wagneracciai.it\/wp-content\/uploads\/2014\/03\/Maurizio-Munda-200x150.jpg 200w, https:\/\/www.wagneracciai.it\/wp-content\/uploads\/2014\/03\/Maurizio-Munda-150x112.jpg 150w\" sizes=\"(max-width: 712px) 100vw, 712px\" \/><\/a><\/strong><\/p>\n<p><strong>Sig. Munda, innanzitutto grazie per il suo tempo. Ci racconta qualcosa della sua esperienza in Wagner Acciai? Da quanto tempo lavora qui, quali sono le sue mansioni e responsabilit\u00e0, quante persone lavorano con lei&#8230;<\/strong><\/p>\n<p><em>Lavoro in Wagner Acciai da 15 anni. In qualit\u00e0 di capo reparto ho diverse mansioni. Oltre a svolgere il mio lavoro quotidiano, sono responsabile di tutto quello che accade in reparto e della soluzione dei problemi, siano essi dovuto alle linee di taglio, al materiale che stiamo utilizzando o ad altre casistiche. Effettuo la verifica del lavoro, delle problematiche, individuo la soluzione (segnalando la cosa, quando serve, alla direzione) e faccio procedere il lavoro. Infine coordino il lavoro di 10 persone e sono il collegamento tra il reparto, gli uffici e i dirigenti.<\/em><\/p>\n<p><strong>Quindici anni di lavoro nella stessa azienda sono tanti. Vuol dire che vale la pena lavorare in Wagner Acciai, no?<\/strong><\/p>\n<p><em>S\u00ec, lavoriamo bene e c\u2019\u00e8 davvero un ottimo clima. Poi come sempre c\u2019\u00e8 chi \u00e8 pi\u00f9 riservato e chi pi\u00f9 estroverso, ma con i ragazzi che lavorano con me si lavora davvero bene. Devo dire che c\u2019\u00e8 un buon rapporto anche con la dirigenza e questo non \u00e8 scontato. In molte aziende tra il titolare e l\u2019operatore non c\u2019\u00e8 dialogo, in Wagner Acciai, invese, s\u00ec.<\/em><\/p>\n<p><strong>Cosa ci pu\u00f2 dire degli operatori che coordina?<\/strong><\/p>\n<p><em>Che sono brave persone, ma soprattutto ottimi professionisti. In primo luogo lavorano in Wagner Acciai da almeno 7\/8 anni, quindi conoscono molto bene sia l\u2019azienda, sia i prodotti e le lavorazioni che facciamo. La maggior parte lavora qui, in realt\u00e0, da oltre 10 anni.<\/em><br \/>\n<em>In secondo luogo, escludendo i tagliatori, operatori specializzati in quella funzione, gli altri sono preparati sia per il lavoro in magazzino, nella gestione degli ordini, nelle operazioni di carico e scarico macchinari e bancali, sia come supporto alle operazioni di taglio. Questo significa che le competenze sono distribuite e possiamo davvero essere flessibili ed efficienti. Quando le contingenze ci obbligano a modificare la produzione o, per emergenze e neccessit\u00e0, dobbiamo rivedere la programmazione giornaliera, siamo in grado di farlo. Sempre e senza problemi.<\/em><br \/>\n<em>Aggiungo un\u2019ultima cosa: la stessa sensibilit\u00e0 che ho maturato io nell\u2019interpretare i problemi e nella conoscenza del prodotto ce l\u2019hanno anche loro. Questo vuol dire che quando sorge un problema per il quale sono chiamato a trovare una soluzione, i colleghi hanno gi\u00e0 evidenziato l\u2019origine della problematica e quindi spianano la strada alla soluzione. Cos\u00ec riduciamo radicalmente i tempi di fermo, mantenendo alta la produttivit\u00e0 e l\u2019efficienza.<\/em><\/p>\n<p><strong>Ultima cosa. La sua competenza le permette di riconoscere la qualit\u00e0 del prodotto che proponente. Quelli di Wagner Acciai sono buoni prodotti?<\/strong><\/p>\n<p><em>Le rispondo con un dato. Quasi il 100% di quello che produciamo rispetta gli standard richiesti dal cliente. Sono pressoch\u00e8 nulle le non conformit\u00e0. Cosa ne dice?<\/em><\/p>\n","protected":false},"excerpt":{"rendered":"<p>Sig. Munda, innanzitutto grazie per il suo tempo. Ci racconta qualcosa della sua esperienza in Wagner Acciai? Da quanto tempo lavora qui, quali sono le sue mansioni e responsabilit\u00e0, quante persone lavorano con lei&#8230; Lavoro in Wagner Acciai da 15 anni. In qualit\u00e0 di capo reparto ho diverse mansioni. Oltre \u2026<\/p>\n<p> <a class=\"continue-reading-link\" href=\"https:\/\/www.wagneracciai.it\/index.php\/archives\/maurizio-munda-capo-reparto\">Continua la lettura<i class=\"icon-right-dir\"><\/i><\/a><\/p>\n","protected":false},"author":1,"featured_media":373,"comment_status":"closed","ping_status":"closed","sticky":false,"template":"","format":"standard","meta":[],"categories":[7],"tags":[],"_links":{"self":[{"href":"https:\/\/www.wagneracciai.it\/index.php\/wp-json\/wp\/v2\/posts\/367"}],"collection":[{"href":"https:\/\/www.wagneracciai.it\/index.php\/wp-json\/wp\/v2\/posts"}],"about":[{"href":"https:\/\/www.wagneracciai.it\/index.php\/wp-json\/wp\/v2\/types\/post"}],"author":[{"embeddable":true,"href":"https:\/\/www.wagneracciai.it\/index.php\/wp-json\/wp\/v2\/users\/1"}],"replies":[{"embeddable":true,"href":"https:\/\/www.wagneracciai.it\/index.php\/wp-json\/wp\/v2\/comments?post=367"}],"version-history":[{"count":4,"href":"https:\/\/www.wagneracciai.it\/index.php\/wp-json\/wp\/v2\/posts\/367\/revisions"}],"predecessor-version":[{"id":376,"href":"https:\/\/www.wagneracciai.it\/index.php\/wp-json\/wp\/v2\/posts\/367\/revisions\/376"}],"wp:featuredmedia":[{"embeddable":true,"href":"https:\/\/www.wagneracciai.it\/index.php\/wp-json\/wp\/v2\/media\/373"}],"wp:attachment":[{"href":"https:\/\/www.wagneracciai.it\/index.php\/wp-json\/wp\/v2\/media?parent=367"}],"wp:term":[{"taxonomy":"category","embeddable":true,"href":"https:\/\/www.wagneracciai.it\/index.php\/wp-json\/wp\/v2\/categories?post=367"},{"taxonomy":"post_tag","embeddable":true,"href":"https:\/\/www.wagneracciai.it\/index.php\/wp-json\/wp\/v2\/tags?post=367"}],"curies":[{"name":"wp","href":"https:\/\/api.w.org\/{rel}","templated":true}]}}