{"id":684,"date":"2014-10-23T11:23:43","date_gmt":"2014-10-23T09:23:43","guid":{"rendered":"http:\/\/www.wagneracciai.it\/?p=684"},"modified":"2014-11-24T12:33:26","modified_gmt":"2014-11-24T11:33:26","slug":"tiziano-chignoli-operatore-di-reparto","status":"publish","type":"post","link":"https:\/\/www.wagneracciai.it\/index.php\/archives\/tiziano-chignoli-operatore-di-reparto","title":{"rendered":"Tiziano Chignoli &#8211; Operatore di reparto"},"content":{"rendered":"<p><a href=\"http:\/\/www.wagneracciai.it\/wp-content\/uploads\/2014\/10\/Tiziano-Chignoli.jpg\"><img decoding=\"async\" loading=\"lazy\" class=\"aligncenter size-full wp-image-687\" alt=\"Tiziano Chignoli\" src=\"http:\/\/www.wagneracciai.it\/wp-content\/uploads\/2014\/10\/Tiziano-Chignoli.jpg\" width=\"600\" height=\"400\" srcset=\"https:\/\/www.wagneracciai.it\/wp-content\/uploads\/2014\/10\/Tiziano-Chignoli.jpg 600w, https:\/\/www.wagneracciai.it\/wp-content\/uploads\/2014\/10\/Tiziano-Chignoli-300x200.jpg 300w, https:\/\/www.wagneracciai.it\/wp-content\/uploads\/2014\/10\/Tiziano-Chignoli-150x100.jpg 150w\" sizes=\"(max-width: 600px) 100vw, 600px\" \/><\/a><\/p>\n<p><strong>Tiziano Chignoli, anche lei, come il suo capo reparto, una colonna di Wagner Acciai. Ci dice qualcosa della sua esperienza in azienda?<\/strong><\/p>\n<p><em>Lavoro da 16 anni in Wagner Acciai e questo mi ha permesso di aumentare ulteriormente la mia esperienza in questo ambito che, oggi, \u00e8 di oltre 25 anni, avendo precedenti mansioni in aziende simili.\u00a0In Wagner Acciai effettuo un controllo preciso e costante su tutta la produzione, sul montaggio e sulla qualit\u00e0 delle nostre lavorazioni.<\/em><\/p>\n<p><strong>Sedici anni sono molti. Non ha mai avuto intenzione o voglia di cambiare?<\/strong><\/p>\n<p><em>Ad essere sincero, no. Il gruppo con cui lavoro funziona e copre, in maniera sinergica, tutte le esigenze. <\/em><\/p>\n<p><em>La direzione ci chiede di essere veloci, di saper personalizzare il nostro lavoro,\u00a0<span style=\"line-height: 24px;\">i nostri tempi, le nostre priorit\u00e0\u00a0<\/span>sulle esigenze dei clienti. La velocit\u00e0 e la flessibilit\u00e0 gestionale, sono, assieme alla variet\u00e0 di quanto offriamo, due delle nostre peculiarit\u00e0. Per raggiungere questi obiettivi, e lavorare senza eccessivo stress, occorre che il gruppo di lavoro funzioni e sia affiatato. E\u2019 necessario poter sostituirsi a un collega, quando serve, ed \u00e8 necessario che la direzione ascolti anche il parere di noi operatori che, conoscendo il mestiere, lo sappiamo interpretare in maniera concreta.<\/em><\/p>\n<p><em>Tutto questo avviene, perch\u00e8 cambiare?<\/em><\/p>\n<p><em>Dir\u00f2 di pi\u00f9: l\u2019ascolto e la sinergia c\u2019\u00e8 anche con la direzione che, appunto, ci fa sentire coinvolti. Per questo gli operatori sono disposti a dare il massimo perch\u00e8 il datore di lavoro, a sua volta, ci da il massimo. Siamo disposti a lavorare anche fuori orario o in giorni festivi, se serve. Perch\u00e8 quanto riceviamo indietro, non solo nello stipendio, ci gratifica come persone e professionisti.<\/em><\/p>\n<p><strong>Quindi se fossi un potenziale cliente che vuole comprare acciaio, anche lei mi consiglierebbe di accquistarlo da Wagner<\/strong><\/p>\n<p><em>Senza ombra di dubbio e, al di l\u00e0 di quanto ho detto sul modo in cui lavoriamo e sul nostro stile, posso anche giustificare in altri modi il mio consiglio verso la nostra azienda. Io sceglierei Wagner per la consegna: davvero \u00e8 immediata. Il programma di lavoro quotidiano, e flessibile, \u00e8 adatto a gestire non solo i flussi di lavoro standard, ma anche i picchi e le urgenze: ecco perch\u00e8 sappiamo consegnare in fretta. Una condizione resa possibile anche dalla variet\u00e0 di articoli e dall\u2019ampia disponibilit\u00e0 dei nostri magazzini.<\/em><br \/>\n<em>Inoltre sceglierei Wagner per la qualit\u00e0 del materiale, per la disponibilit\u00e0 di diametri diversi, di tagli personalizzati e per la capacit\u00e0, sfido chiunque a dichiarare il contrario, che la nostra azienda ha nel trovare la soluzione personalizzata per ogni cliente.<\/em><\/p>\n","protected":false},"excerpt":{"rendered":"<p>Tiziano Chignoli, anche lei, come il suo capo reparto, una colonna di Wagner Acciai. Ci dice qualcosa della sua esperienza in azienda? Lavoro da 16 anni in Wagner Acciai e questo mi ha permesso di aumentare ulteriormente la mia esperienza in questo ambito che, oggi, \u00e8 di oltre 25 anni, \u2026<\/p>\n<p> <a class=\"continue-reading-link\" href=\"https:\/\/www.wagneracciai.it\/index.php\/archives\/tiziano-chignoli-operatore-di-reparto\">Continua la lettura<i class=\"icon-right-dir\"><\/i><\/a><\/p>\n","protected":false},"author":1,"featured_media":0,"comment_status":"closed","ping_status":"closed","sticky":false,"template":"","format":"standard","meta":[],"categories":[7],"tags":[],"_links":{"self":[{"href":"https:\/\/www.wagneracciai.it\/index.php\/wp-json\/wp\/v2\/posts\/684"}],"collection":[{"href":"https:\/\/www.wagneracciai.it\/index.php\/wp-json\/wp\/v2\/posts"}],"about":[{"href":"https:\/\/www.wagneracciai.it\/index.php\/wp-json\/wp\/v2\/types\/post"}],"author":[{"embeddable":true,"href":"https:\/\/www.wagneracciai.it\/index.php\/wp-json\/wp\/v2\/users\/1"}],"replies":[{"embeddable":true,"href":"https:\/\/www.wagneracciai.it\/index.php\/wp-json\/wp\/v2\/comments?post=684"}],"version-history":[{"count":2,"href":"https:\/\/www.wagneracciai.it\/index.php\/wp-json\/wp\/v2\/posts\/684\/revisions"}],"predecessor-version":[{"id":712,"href":"https:\/\/www.wagneracciai.it\/index.php\/wp-json\/wp\/v2\/posts\/684\/revisions\/712"}],"wp:attachment":[{"href":"https:\/\/www.wagneracciai.it\/index.php\/wp-json\/wp\/v2\/media?parent=684"}],"wp:term":[{"taxonomy":"category","embeddable":true,"href":"https:\/\/www.wagneracciai.it\/index.php\/wp-json\/wp\/v2\/categories?post=684"},{"taxonomy":"post_tag","embeddable":true,"href":"https:\/\/www.wagneracciai.it\/index.php\/wp-json\/wp\/v2\/tags?post=684"}],"curies":[{"name":"wp","href":"https:\/\/api.w.org\/{rel}","templated":true}]}}