{"id":748,"date":"2015-04-03T11:59:39","date_gmt":"2015-04-03T09:59:39","guid":{"rendered":"http:\/\/www.wagneracciai.it\/?p=748"},"modified":"2015-04-03T12:00:01","modified_gmt":"2015-04-03T10:00:01","slug":"news-aprile-15-un-tema-da-cui-ripartire-e-su-cui-riflettere","status":"publish","type":"post","link":"https:\/\/www.wagneracciai.it\/index.php\/archives\/news-aprile-15-un-tema-da-cui-ripartire-e-su-cui-riflettere","title":{"rendered":"[News Aprile 15] Un tema da cui ripartire e su cui riflettere"},"content":{"rendered":"<p style=\"text-align: center;\"><a href=\"http:\/\/www.wagneracciai.it\/wp-content\/uploads\/2015\/04\/Fotolia_72469858_S.jpg\"><img decoding=\"async\" loading=\"lazy\" class=\"aligncenter  wp-image-810\" alt=\"Assorted raw organic vegetables\" src=\"http:\/\/www.wagneracciai.it\/wp-content\/uploads\/2015\/04\/Fotolia_72469858_S.jpg\" width=\"680\" height=\"452\" srcset=\"https:\/\/www.wagneracciai.it\/wp-content\/uploads\/2015\/04\/Fotolia_72469858_S.jpg 850w, https:\/\/www.wagneracciai.it\/wp-content\/uploads\/2015\/04\/Fotolia_72469858_S-300x200.jpg 300w, https:\/\/www.wagneracciai.it\/wp-content\/uploads\/2015\/04\/Fotolia_72469858_S-150x99.jpg 150w\" sizes=\"(max-width: 680px) 100vw, 680px\" \/><\/a><\/p>\n<p>Manca davvero poco e a pochi passi da qui, sempre nella nostra Milano, si apriranno I battenti sull\u2019edizione 2015 dell\u2019esposizone mondiale, l\u2019<a href=\"http:\/\/www.expo2015.org\/it\" target=\"_blank\">EXPO 2015<\/a>. Nel riprendere il dialogo a distanza con voi, cari amici, ci \u00e8 sembrato giusto lasciarci guidare dall\u2019evento cardine dell\u2019anno.<\/p>\n<p>Almeno due motivi sostengono la nostra scelta. L\u2019argomento della manifestazione, <strong>il cibo<\/strong>, \u00e8 centrale nella vita di tutti. In periodi di difficolt\u00e0 economiche come quelle che stiamo attraversando, \u00e8 spesso <strong>la scarsit\u00e0 o l\u2019assenza totale<\/strong> di cibo a costruire le base per disordini sociali, violenze, difficolt\u00e0 alla convivenza. Un argomento su cui, anche se non centrale nella nostra vita professionale di tutti i giorni, ci pare giusto <strong>soffermarci a riflettere<\/strong>. Inoltre, passando a motivazioni pi\u00f9 \u201cleggere\u201d, il cibo \u00e8 anche un argomento \u201cfacile\u201d a cui attingere per la nostra newsletter. Come lo scorso anno, infatti, vogliamo costruire il nostro piccolo prodotto editoriale centrandolo non tanto sull\u2019azienda, quanto su argomenti di interesse sui quali dibattere e <strong>da cui lasciarci interessare<\/strong>. Lo scorso anno abbiamo avviato il percorso parlando di \u201cquestioni naturali\u201d, quest\u2019anno continueremo raccontando dell\u2019Expo e del cibo.<br \/>\nMi auguro che le testimonianze di gradimento che abbiamo raccolto per questa iniziativa siano confermate anche alla fine di quest\u2019anno!<\/p>\n<p>Non mi rimane, quindi, che augurarvi buona lettura; e se avrete modo di leggere queste righe prima di domenica, aggiungo anche <strong>sinceri auguri di buona Pasqua<\/strong>.<\/p>\n<p>A presto,<\/p>\n<p><i>Mario Cant\u00f9 e lo staff di Wagner Acciai<\/i><\/p>\n","protected":false},"excerpt":{"rendered":"<p>Manca davvero poco e a pochi passi da qui, sempre nella nostra Milano, si apriranno I battenti sull\u2019edizione 2015 dell\u2019esposizone mondiale, l\u2019EXPO 2015. Nel riprendere il dialogo a distanza con voi, cari amici, ci \u00e8 sembrato giusto lasciarci guidare dall\u2019evento cardine dell\u2019anno. Almeno due motivi sostengono la nostra scelta. L\u2019argomento \u2026<\/p>\n<p> <a class=\"continue-reading-link\" href=\"https:\/\/www.wagneracciai.it\/index.php\/archives\/news-aprile-15-un-tema-da-cui-ripartire-e-su-cui-riflettere\">Continua la lettura<i class=\"icon-right-dir\"><\/i><\/a><\/p>\n","protected":false},"author":1,"featured_media":0,"comment_status":"closed","ping_status":"closed","sticky":false,"template":"","format":"standard","meta":[],"categories":[6],"tags":[44,42,45,31],"_links":{"self":[{"href":"https:\/\/www.wagneracciai.it\/index.php\/wp-json\/wp\/v2\/posts\/748"}],"collection":[{"href":"https:\/\/www.wagneracciai.it\/index.php\/wp-json\/wp\/v2\/posts"}],"about":[{"href":"https:\/\/www.wagneracciai.it\/index.php\/wp-json\/wp\/v2\/types\/post"}],"author":[{"embeddable":true,"href":"https:\/\/www.wagneracciai.it\/index.php\/wp-json\/wp\/v2\/users\/1"}],"replies":[{"embeddable":true,"href":"https:\/\/www.wagneracciai.it\/index.php\/wp-json\/wp\/v2\/comments?post=748"}],"version-history":[{"count":5,"href":"https:\/\/www.wagneracciai.it\/index.php\/wp-json\/wp\/v2\/posts\/748\/revisions"}],"predecessor-version":[{"id":812,"href":"https:\/\/www.wagneracciai.it\/index.php\/wp-json\/wp\/v2\/posts\/748\/revisions\/812"}],"wp:attachment":[{"href":"https:\/\/www.wagneracciai.it\/index.php\/wp-json\/wp\/v2\/media?parent=748"}],"wp:term":[{"taxonomy":"category","embeddable":true,"href":"https:\/\/www.wagneracciai.it\/index.php\/wp-json\/wp\/v2\/categories?post=748"},{"taxonomy":"post_tag","embeddable":true,"href":"https:\/\/www.wagneracciai.it\/index.php\/wp-json\/wp\/v2\/tags?post=748"}],"curies":[{"name":"wp","href":"https:\/\/api.w.org\/{rel}","templated":true}]}}