{"id":956,"date":"2015-07-03T09:35:45","date_gmt":"2015-07-03T07:35:45","guid":{"rendered":"http:\/\/www.wagneracciai.it\/?p=956"},"modified":"2015-07-07T15:41:41","modified_gmt":"2015-07-07T13:41:41","slug":"news-luglio-15-una-nuova-veste-grafica-e-tante-novita","status":"publish","type":"post","link":"https:\/\/www.wagneracciai.it\/index.php\/archives\/news-luglio-15-una-nuova-veste-grafica-e-tante-novita","title":{"rendered":"[News Luglio 15] Una nuova veste grafica e tante novit\u00e0"},"content":{"rendered":"<p style=\"text-align: center;\"><a href=\"http:\/\/www.wagneracciai.it\/wp-content\/uploads\/2015\/07\/Senza-titolo.jpg\"><img decoding=\"async\" loading=\"lazy\" class=\"aligncenter  wp-image-979\" alt=\"Senza titolo\" src=\"http:\/\/www.wagneracciai.it\/wp-content\/uploads\/2015\/07\/Senza-titolo.jpg\" width=\"551\" height=\"300\" srcset=\"https:\/\/www.wagneracciai.it\/wp-content\/uploads\/2015\/07\/Senza-titolo.jpg 2392w, https:\/\/www.wagneracciai.it\/wp-content\/uploads\/2015\/07\/Senza-titolo-300x163.jpg 300w, https:\/\/www.wagneracciai.it\/wp-content\/uploads\/2015\/07\/Senza-titolo-1024x557.jpg 1024w, https:\/\/www.wagneracciai.it\/wp-content\/uploads\/2015\/07\/Senza-titolo-150x81.jpg 150w\" sizes=\"(max-width: 551px) 100vw, 551px\" \/><\/a><\/p>\n<p>Dopo poco pi\u00f9 di un anno di vita il sito della nostra azienda \u00e8 gi\u00e0 alla versione 2. Nuove sezioni seguono, da poche settimane a questa parte, le aree che gi\u00e0 esistevano.<\/p>\n<p>Le innovazioni introdotte, come avrai modo di notare navigando, percorrono la stessa direttrice tracciata lo scorso anno quando, accanto alla presentazione dei prodotti in acciaio e dei servizi, hanno trovato spazio contenuti non convenzionali per aziende come Wagner Acciai, dedicati alle persone, alla scienza e alla natura. E&#8217; inseguendo queste linee che sono nate sia la &#8220;Newsletter&#8221; sia le &#8220;Testimonianze&#8221;.<\/p>\n<p>Quest&#8217;anno l&#8217;offerta di contenuti diventa pi\u00f9 che doppia, affiancando alle gi\u00e0 citate aree, altri approfondimenti dedicati all&#8217;acciaio. Tra le pagine trovano infatti spazio un&#8217;area dedicata alle materie prime con cui tutti i giorni lavoriamo, un&#8217;area in cui esplicitiamo meglio le applicazioni del nostro acciaio temprato, temprabile e inossidabile incrudito e un&#8217;area di glossario.<\/p>\n<p>Una piccola testimonianza per l&#8217;acciaio, un materiale multi uso con cui operiamo quotidianamente e a cui \u00e8 intimamente legata la nostra attivit\u00e0 professionale.<\/p>\n<p>Abbiamo anche dettagliato meglio la nostra offerta di nastri e lamiere, aggiungendo tabelle, specifiche tecniche e materiali di approfondimento. Ulteriori migliorie avverranno nei prossimi mesi.<\/p>\n<p>Ci auguriamo che l&#8217;esito sia di gradimento e che le informazioni siano di tuo interesse. Buona lettura!<\/p>\n","protected":false},"excerpt":{"rendered":"<p>Dopo poco pi\u00f9 di un anno di vita il sito della nostra azienda \u00e8 gi\u00e0 alla versione 2. Nuove sezioni seguono, da poche settimane a questa parte, le aree che gi\u00e0 esistevano. Le innovazioni introdotte, come avrai modo di notare navigando, percorrono la stessa direttrice tracciata lo scorso anno quando, \u2026<\/p>\n<p> <a class=\"continue-reading-link\" href=\"https:\/\/www.wagneracciai.it\/index.php\/archives\/news-luglio-15-una-nuova-veste-grafica-e-tante-novita\">Continua la lettura<i class=\"icon-right-dir\"><\/i><\/a><\/p>\n","protected":false},"author":1,"featured_media":0,"comment_status":"closed","ping_status":"closed","sticky":false,"template":"","format":"standard","meta":[],"categories":[6],"tags":[],"_links":{"self":[{"href":"https:\/\/www.wagneracciai.it\/index.php\/wp-json\/wp\/v2\/posts\/956"}],"collection":[{"href":"https:\/\/www.wagneracciai.it\/index.php\/wp-json\/wp\/v2\/posts"}],"about":[{"href":"https:\/\/www.wagneracciai.it\/index.php\/wp-json\/wp\/v2\/types\/post"}],"author":[{"embeddable":true,"href":"https:\/\/www.wagneracciai.it\/index.php\/wp-json\/wp\/v2\/users\/1"}],"replies":[{"embeddable":true,"href":"https:\/\/www.wagneracciai.it\/index.php\/wp-json\/wp\/v2\/comments?post=956"}],"version-history":[{"count":4,"href":"https:\/\/www.wagneracciai.it\/index.php\/wp-json\/wp\/v2\/posts\/956\/revisions"}],"predecessor-version":[{"id":981,"href":"https:\/\/www.wagneracciai.it\/index.php\/wp-json\/wp\/v2\/posts\/956\/revisions\/981"}],"wp:attachment":[{"href":"https:\/\/www.wagneracciai.it\/index.php\/wp-json\/wp\/v2\/media?parent=956"}],"wp:term":[{"taxonomy":"category","embeddable":true,"href":"https:\/\/www.wagneracciai.it\/index.php\/wp-json\/wp\/v2\/categories?post=956"},{"taxonomy":"post_tag","embeddable":true,"href":"https:\/\/www.wagneracciai.it\/index.php\/wp-json\/wp\/v2\/tags?post=956"}],"curies":[{"name":"wp","href":"https:\/\/api.w.org\/{rel}","templated":true}]}}