{"id":984,"date":"2015-07-27T10:05:40","date_gmt":"2015-07-27T08:05:40","guid":{"rendered":"http:\/\/www.wagneracciai.it\/?p=984"},"modified":"2015-07-28T09:37:48","modified_gmt":"2015-07-28T07:37:48","slug":"news-luglio-15-2-ad-ogni-vacanziero-il-proprio-stile-a-tavola","status":"publish","type":"post","link":"https:\/\/www.wagneracciai.it\/index.php\/archives\/news-luglio-15-2-ad-ogni-vacanziero-il-proprio-stile-a-tavola","title":{"rendered":"[News Luglio 15-2] Ad ogni vacanziero il proprio stile a tavola"},"content":{"rendered":"<p style=\"text-align: center;\"><a href=\"http:\/\/www.wagneracciai.it\/wp-content\/uploads\/2015\/07\/Fotolia_85278204_S.jpg\"><img decoding=\"async\" loading=\"lazy\" class=\"aligncenter  wp-image-989\" alt=\"seafood on the beach\" src=\"http:\/\/www.wagneracciai.it\/wp-content\/uploads\/2015\/07\/Fotolia_85278204_S.jpg\" width=\"582\" height=\"405\" srcset=\"https:\/\/www.wagneracciai.it\/wp-content\/uploads\/2015\/07\/Fotolia_85278204_S.jpg 831w, https:\/\/www.wagneracciai.it\/wp-content\/uploads\/2015\/07\/Fotolia_85278204_S-300x208.jpg 300w, https:\/\/www.wagneracciai.it\/wp-content\/uploads\/2015\/07\/Fotolia_85278204_S-150x104.jpg 150w\" sizes=\"(max-width: 582px) 100vw, 582px\" \/><\/a><\/p>\n<p>E&#8217; arrivata un&#8217;altra estate, \u00e8 arrivato il momento del giusto riposo. Anche in vacanza, tuttavia, il cibo, il nutrimento, rappresenta un momento essenziale della giornata. Spesso i ritmi diventano regolari, non bisogna pi\u00f9 correre in ufficio saltando la colazione, mangiare un panino veloce e alla sera aprire il frigorifero assatanati. Le vacanze consentono (anche) di riappropriarsi del gusto tanto del cibo, quanto del mangiare.<\/p>\n<p>Abbiamo <a href=\"http:\/\/canali.kataweb.it\/kataweb-consumi\/2014\/08\/11\/cibo-e-vacanze-cosi-in-ferie-cambiamo-le-nostre-abitudini-a-tavola\/\" target=\"_blank\">scovato<\/a> in rete una curiosa classificazione dei nostri stili di alimentazione quando si \u00e8 in vacanza: tu che tipo sei?<\/p>\n<p><strong>I turisti del gusto.\u00a0<\/strong>Partiti per una destinazione lontana da casa, questi curiosioni devono assaggiarne ogni piatto tipico. Sono proprio <em>i turisti del gusto<\/em>, e l\u2019esplorazione gastronomica\u00a0\u00e8 parte integrante della vacanza, assieme alla scoperta dei luoghi e al necessario relax. A questa categoria pare appartenere la maggior parte della popolazione, in particolare uomini sopra i 45 anni, residenti al Nord.<\/p>\n<p><strong>I parsimoniosi.<\/strong>\u00a0Il secondo \u2018profilo\u2019 alimentare pi\u00f9 diffuso \u00e8 quello del turista low cost. La crisi si sente (chiedetelo al vostro albergatore di fiducia o buttate un occhio in una delle &#8211; poche rimaste &#8211; agenzia viaggio e vedrete l&#8217;aria che tira&#8230;) e il risparmio \u00e8 diventato uno stile di vita onnicomprensivo. Non solo, quindi, occorre risparmiare sul volo o sul trasporto in generale, anche il budget sul cibo si va riducendo. Per gli oculati turisti meglio risparmiare sui pasti, prediligendo spuntini e fast food. Ti saziano, costano poco. Basta non guardare la tabella nutrizionale o la bilancia&#8230; Questo profilo \u00e8 ricorrente tra giovani uomini under 45 residenti al Centro e al Sud<\/p>\n<p><strong><\/strong><strong>Sans-Soucis. <\/strong>Quella delle spensierate (\u00e8\u00a0una categoria prevalentemente femminile over 45, questa) \u00e8 una fetta di popolazione composta essenzialmente da donne over 45 abitanti al Nord. Per le signore che vi fanno parte mangiare \u00e8 una coccola, per cui in vacanza si pu\u00f2 andare nei migliori posti e spendere anche qualcosa in pi\u00f9. Il vizio e il relax sono due componenti delle vacanze, giusto? Allora concediamoceli&#8230;senza pensieri.<\/p>\n<p><strong>Vale tutto.<\/strong>\u00a0In vacanza addio orari e diete. Vacanza, in fin dei conti, significa &#8220;tempo vuoto, libero&#8221; e nel tempo libero uno fa un po&#8217; quello che vuole. Quindi fine, anche, della disciplina a tavola. Per gli sregolati si mangia quel che si vuole, quando si vuole. Si pu\u00f2 anche strafare. A questa categoria, ad onor del vero non molto diffusa, appartengono un po&#8217; tutti. Uomini, donne sparsi su tutto lo stivale, eccetto che al Nord-Est, con un&#8217;et\u00e0 tipicamente inferiore ai 34 anni.<\/p>\n<p><strong>La ricerca della felicit\u00e0 (a tavola).<\/strong>\u00a0Tra tutte le categorie, comunque, esiste un collegamento ovvero la ricerca del piacere a tavola (a ciascuno il proprio) \u00a0e il desidero, anche in questo caso ciascuno col proprio stile, di puntare al riposo e disintossicare mente, corpo e spirito. Non \u00e8 un caso, infatti, che a tutti i goderecci del cibo piacciano, d&#8217;estate, cibi leggeri come frutta, verdura e pesce rispetto a insaccati, carne e formaggi.<\/p>\n","protected":false},"excerpt":{"rendered":"<p>E&#8217; arrivata un&#8217;altra estate, \u00e8 arrivato il momento del giusto riposo. Anche in vacanza, tuttavia, il cibo, il nutrimento, rappresenta un momento essenziale della giornata. Spesso i ritmi diventano regolari, non bisogna pi\u00f9 correre in ufficio saltando la colazione, mangiare un panino veloce e alla sera aprire il frigorifero assatanati. \u2026<\/p>\n<p> <a class=\"continue-reading-link\" href=\"https:\/\/www.wagneracciai.it\/index.php\/archives\/news-luglio-15-2-ad-ogni-vacanziero-il-proprio-stile-a-tavola\">Continua la lettura<i class=\"icon-right-dir\"><\/i><\/a><\/p>\n","protected":false},"author":1,"featured_media":0,"comment_status":"closed","ping_status":"closed","sticky":false,"template":"","format":"standard","meta":[],"categories":[6],"tags":[44,49,51,50,16],"_links":{"self":[{"href":"https:\/\/www.wagneracciai.it\/index.php\/wp-json\/wp\/v2\/posts\/984"}],"collection":[{"href":"https:\/\/www.wagneracciai.it\/index.php\/wp-json\/wp\/v2\/posts"}],"about":[{"href":"https:\/\/www.wagneracciai.it\/index.php\/wp-json\/wp\/v2\/types\/post"}],"author":[{"embeddable":true,"href":"https:\/\/www.wagneracciai.it\/index.php\/wp-json\/wp\/v2\/users\/1"}],"replies":[{"embeddable":true,"href":"https:\/\/www.wagneracciai.it\/index.php\/wp-json\/wp\/v2\/comments?post=984"}],"version-history":[{"count":4,"href":"https:\/\/www.wagneracciai.it\/index.php\/wp-json\/wp\/v2\/posts\/984\/revisions"}],"predecessor-version":[{"id":991,"href":"https:\/\/www.wagneracciai.it\/index.php\/wp-json\/wp\/v2\/posts\/984\/revisions\/991"}],"wp:attachment":[{"href":"https:\/\/www.wagneracciai.it\/index.php\/wp-json\/wp\/v2\/media?parent=984"}],"wp:term":[{"taxonomy":"category","embeddable":true,"href":"https:\/\/www.wagneracciai.it\/index.php\/wp-json\/wp\/v2\/categories?post=984"},{"taxonomy":"post_tag","embeddable":true,"href":"https:\/\/www.wagneracciai.it\/index.php\/wp-json\/wp\/v2\/tags?post=984"}],"curies":[{"name":"wp","href":"https:\/\/api.w.org\/{rel}","templated":true}]}}